{"id":8993,"date":"2021-04-27T12:20:20","date_gmt":"2021-04-27T10:20:20","guid":{"rendered":"https:\/\/www.serac-group.com\/?p=8993"},"modified":"2023-11-13T15:16:39","modified_gmt":"2023-11-13T14:16:39","slug":"emballage-verre-pourquoi-faut-il-preferer-la-reutilisation-au-recyclage","status":"publish","type":"post","link":"https:\/\/www.serac-group.com\/fr\/emballage\/emballage-verre-pourquoi-faut-il-preferer-la-reutilisation-au-recyclage\/","title":{"rendered":"Emballage verre : Pourquoi faut-il pr\u00e9f\u00e9rer la r\u00e9utilisation au recyclage ?"},"content":{"rendered":"","protected":false},"excerpt":{"rendered":"","protected":false},"author":44,"featured_media":0,"comment_status":"closed","ping_status":"open","sticky":false,"template":"","format":"standard","meta":{"_acf_changed":false,"footnotes":""},"categories":[217],"tags":[],"class_list":["post-8993","post","type-post","status-publish","format-standard","hentry","category-emballage"],"acf":[],"_links":{"self":[{"href":"https:\/\/www.serac-group.com\/fr\/wp-json\/wp\/v2\/posts\/8993","targetHints":{"allow":["GET"]}}],"collection":[{"href":"https:\/\/www.serac-group.com\/fr\/wp-json\/wp\/v2\/posts"}],"about":[{"href":"https:\/\/www.serac-group.com\/fr\/wp-json\/wp\/v2\/types\/post"}],"author":[{"embeddable":true,"href":"https:\/\/www.serac-group.com\/fr\/wp-json\/wp\/v2\/users\/44"}],"replies":[{"embeddable":true,"href":"https:\/\/www.serac-group.com\/fr\/wp-json\/wp\/v2\/comments?post=8993"}],"version-history":[{"count":33,"href":"https:\/\/www.serac-group.com\/fr\/wp-json\/wp\/v2\/posts\/8993\/revisions"}],"predecessor-version":[{"id":9069,"href":"https:\/\/www.serac-group.com\/fr\/wp-json\/wp\/v2\/posts\/8993\/revisions\/9069"}],"wp:attachment":[{"href":"https:\/\/www.serac-group.com\/fr\/wp-json\/wp\/v2\/media?parent=8993"}],"wp:term":[{"taxonomy":"category","embeddable":true,"href":"https:\/\/www.serac-group.com\/fr\/wp-json\/wp\/v2\/categories?post=8993"},{"taxonomy":"post_tag","embeddable":true,"href":"https:\/\/www.serac-group.com\/fr\/wp-json\/wp\/v2\/tags?post=8993"}],"curies":[{"name":"wp","href":"https:\/\/api.w.org\/{rel}","templated":true}]}}